{"id":1146,"date":"2021-05-01T07:53:44","date_gmt":"2021-05-01T07:53:44","guid":{"rendered":"http:\/\/lapandemiaencubierta.practicasdeperiodismo.com\/?p=1146"},"modified":"2021-05-02T08:14:04","modified_gmt":"2021-05-02T08:14:04","slug":"entrevista-a-raquel-lucena","status":"publish","type":"post","link":"http:\/\/lapandemiaencubierta.practicasdeperiodismo.com\/index.php\/2021\/05\/01\/entrevista-a-raquel-lucena\/","title":{"rendered":"Entrevista a Raquel Lucena"},"content":{"rendered":"\t\t<div data-elementor-type=\"wp-post\" data-elementor-id=\"1146\" class=\"elementor elementor-1146\">\n\t\t\t\t\t\t<div class=\"elementor-inner\">\n\t\t\t\t<div class=\"elementor-section-wrap\">\n\t\t\t\t\t\t\t\t\t<section class=\"elementor-section elementor-top-section elementor-element elementor-element-29f54a7 elementor-section-boxed elementor-section-height-default elementor-section-height-default\" data-id=\"29f54a7\" data-element_type=\"section\">\n\t\t\t\t\t\t<div class=\"elementor-container elementor-column-gap-default\">\n\t\t\t\t\t\t\t<div class=\"elementor-row\">\n\t\t\t\t\t<div class=\"elementor-column elementor-col-100 elementor-top-column elementor-element elementor-element-a7bbc2f\" data-id=\"a7bbc2f\" data-element_type=\"column\">\n\t\t\t<div class=\"elementor-column-wrap elementor-element-populated\">\n\t\t\t\t\t\t\t<div class=\"elementor-widget-wrap\">\n\t\t\t\t\t\t<div class=\"elementor-element elementor-element-43283d9 elementor-widget elementor-widget-image\" data-id=\"43283d9\" data-element_type=\"widget\" data-widget_type=\"image.default\">\n\t\t\t\t<div class=\"elementor-widget-container\">\n\t\t\t\t\t\t\t\t<div class=\"elementor-image\">\n\t\t\t\t\t\t\t\t\t\t\t\t\t<a href=\"http:\/\/lapandemiaencubierta.practicasdeperiodismo.com\/\">\n\t\t\t\t\t\t\t<img width=\"768\" height=\"536\" src=\"http:\/\/lapandemiaencubierta.practicasdeperiodismo.com\/wp-content\/uploads\/2020\/11\/IMG_0353-768x536.png\" class=\"attachment-medium_large size-medium_large wp-image-622\" alt=\"\" loading=\"lazy\" srcset=\"http:\/\/lapandemiaencubierta.practicasdeperiodismo.com\/wp-content\/uploads\/2020\/11\/IMG_0353-768x536.png 768w, http:\/\/lapandemiaencubierta.practicasdeperiodismo.com\/wp-content\/uploads\/2020\/11\/IMG_0353-300x210.png 300w, http:\/\/lapandemiaencubierta.practicasdeperiodismo.com\/wp-content\/uploads\/2020\/11\/IMG_0353-1024x715.png 1024w, http:\/\/lapandemiaencubierta.practicasdeperiodismo.com\/wp-content\/uploads\/2020\/11\/IMG_0353-1536x1073.png 1536w, http:\/\/lapandemiaencubierta.practicasdeperiodismo.com\/wp-content\/uploads\/2020\/11\/IMG_0353-2048x1431.png 2048w\" sizes=\"(max-width: 768px) 100vw, 768px\" \/>\t\t\t\t\t\t\t\t<\/a>\n\t\t\t\t\t\t\t\t\t\t\t\t\t\t<\/div>\n\t\t\t\t\t\t<\/div>\n\t\t\t\t<\/div>\n\t\t\t\t\t\t<\/div>\n\t\t\t\t\t<\/div>\n\t\t<\/div>\n\t\t\t\t\t\t\t\t<\/div>\n\t\t\t\t\t<\/div>\n\t\t<\/section>\n\t\t\t\t<section class=\"elementor-section elementor-top-section elementor-element elementor-element-a5c5721 elementor-section-full_width elementor-section-height-default elementor-section-height-default\" data-id=\"a5c5721\" data-element_type=\"section\">\n\t\t\t\t\t\t<div class=\"elementor-container elementor-column-gap-default\">\n\t\t\t\t\t\t\t<div class=\"elementor-row\">\n\t\t\t\t\t<div class=\"elementor-column elementor-col-100 elementor-top-column elementor-element elementor-element-fe48296\" data-id=\"fe48296\" data-element_type=\"column\">\n\t\t\t<div class=\"elementor-column-wrap elementor-element-populated\">\n\t\t\t\t\t\t\t<div class=\"elementor-widget-wrap\">\n\t\t\t\t\t\t<div class=\"elementor-element elementor-element-d302c91 elementor-icon-list--layout-inline elementor-align-center elementor-list-item-link-full_width elementor-invisible elementor-widget elementor-widget-icon-list\" data-id=\"d302c91\" data-element_type=\"widget\" data-settings=\"{&quot;_animation&quot;:&quot;zoomIn&quot;}\" data-widget_type=\"icon-list.default\">\n\t\t\t\t<div class=\"elementor-widget-container\">\n\t\t\t\t\t<ul class=\"elementor-icon-list-items elementor-inline-items\">\n\t\t\t\t\t\t\t<li class=\"elementor-icon-list-item elementor-inline-item\">\n\t\t\t\t\t\t\t\t\t\t\t<a href=\"http:\/\/lapandemiaencubierta.practicasdeperiodismo.com\/index.php\/2020\/11\/24\/que-es-la-obesidad-2\/\">\n\n\t\t\t\t\t\t\t\t\t\t\t<span class=\"elementor-icon-list-text\">\u00bfQu\u00e9 es la obesidad?<\/span>\n\t\t\t\t\t\t\t\t\t\t\t<\/a>\n\t\t\t\t\t\t\t\t\t<\/li>\n\t\t\t\t\t\t\t\t<li class=\"elementor-icon-list-item elementor-inline-item\">\n\t\t\t\t\t\t\t\t\t\t\t<a href=\"http:\/\/lapandemiaencubierta.practicasdeperiodismo.com\/index.php\/2020\/11\/24\/incidencia-en-otras-enfermedades\/\">\n\n\t\t\t\t\t\t\t\t\t\t\t<span class=\"elementor-icon-list-text\">Incidencia en otras enfermedades<\/span>\n\t\t\t\t\t\t\t\t\t\t\t<\/a>\n\t\t\t\t\t\t\t\t\t<\/li>\n\t\t\t\t\t\t\t\t<li class=\"elementor-icon-list-item elementor-inline-item\">\n\t\t\t\t\t\t\t\t\t\t\t<a href=\"http:\/\/lapandemiaencubierta.practicasdeperiodismo.com\/index.php\/2020\/11\/25\/intereses-economicos\/\">\n\n\t\t\t\t\t\t\t\t\t\t\t<span class=\"elementor-icon-list-text\">Intereses econ\u00f3micos<\/span>\n\t\t\t\t\t\t\t\t\t\t\t<\/a>\n\t\t\t\t\t\t\t\t\t<\/li>\n\t\t\t\t\t\t\t\t<li class=\"elementor-icon-list-item elementor-inline-item\">\n\t\t\t\t\t\t\t\t\t\t\t<a href=\"http:\/\/lapandemiaencubierta.practicasdeperiodismo.com\/index.php\/2020\/11\/25\/una-industria-avalada-cientificamente\/\">\n\n\t\t\t\t\t\t\t\t\t\t\t<span class=\"elementor-icon-list-text\">Una industria avalada cient\u00edficamente<\/span>\n\t\t\t\t\t\t\t\t\t\t\t<\/a>\n\t\t\t\t\t\t\t\t\t<\/li>\n\t\t\t\t\t\t\t\t<li class=\"elementor-icon-list-item elementor-inline-item\">\n\t\t\t\t\t\t\t\t\t\t\t<a href=\"http:\/\/lapandemiaencubierta.practicasdeperiodismo.com\/index.php\/2020\/11\/25\/el-futuro-de-la-obesidad\/\">\n\n\t\t\t\t\t\t\t\t\t\t\t<span class=\"elementor-icon-list-text\">El futuro de la obesidad<\/span>\n\t\t\t\t\t\t\t\t\t\t\t<\/a>\n\t\t\t\t\t\t\t\t\t<\/li>\n\t\t\t\t\t\t\t\t<li class=\"elementor-icon-list-item elementor-inline-item\">\n\t\t\t\t\t\t\t\t\t\t\t<a href=\"http:\/\/lapandemiaencubierta.practicasdeperiodismo.com\/index.php\/2021\/01\/28\/referencias\/\">\n\n\t\t\t\t\t\t\t\t\t\t\t<span class=\"elementor-icon-list-text\">Enlaces relacionados<\/span>\n\t\t\t\t\t\t\t\t\t\t\t<\/a>\n\t\t\t\t\t\t\t\t\t<\/li>\n\t\t\t\t\t\t<\/ul>\n\t\t\t\t<\/div>\n\t\t\t\t<\/div>\n\t\t\t\t\t\t<\/div>\n\t\t\t\t\t<\/div>\n\t\t<\/div>\n\t\t\t\t\t\t\t\t<\/div>\n\t\t\t\t\t<\/div>\n\t\t<\/section>\n\t\t\t\t<section class=\"elementor-section elementor-top-section elementor-element elementor-element-1c6ad04 elementor-section-boxed elementor-section-height-default elementor-section-height-default\" data-id=\"1c6ad04\" data-element_type=\"section\">\n\t\t\t\t\t\t<div class=\"elementor-container elementor-column-gap-default\">\n\t\t\t\t\t\t\t<div class=\"elementor-row\">\n\t\t\t\t\t<div class=\"elementor-column elementor-col-100 elementor-top-column elementor-element elementor-element-13d48ed\" data-id=\"13d48ed\" data-element_type=\"column\">\n\t\t\t<div class=\"elementor-column-wrap elementor-element-populated\">\n\t\t\t\t\t\t\t<div class=\"elementor-widget-wrap\">\n\t\t\t\t\t\t<div class=\"elementor-element elementor-element-57150ab elementor-widget elementor-widget-heading\" data-id=\"57150ab\" data-element_type=\"widget\" data-widget_type=\"heading.default\">\n\t\t\t\t<div class=\"elementor-widget-container\">\n\t\t\t<h1 class=\"elementor-heading-title elementor-size-default\">Entrevista a Raquel Lucena Garc\u00eda<\/h1>\t\t<\/div>\n\t\t\t\t<\/div>\n\t\t\t\t\t\t<\/div>\n\t\t\t\t\t<\/div>\n\t\t<\/div>\n\t\t\t\t\t\t\t\t<\/div>\n\t\t\t\t\t<\/div>\n\t\t<\/section>\n\t\t\t\t<section class=\"elementor-section elementor-top-section elementor-element elementor-element-5dee342 elementor-section-boxed elementor-section-height-default elementor-section-height-default\" data-id=\"5dee342\" data-element_type=\"section\">\n\t\t\t\t\t\t<div class=\"elementor-container elementor-column-gap-default\">\n\t\t\t\t\t\t\t<div class=\"elementor-row\">\n\t\t\t\t\t<div class=\"elementor-column elementor-col-100 elementor-top-column elementor-element elementor-element-40e3276\" data-id=\"40e3276\" data-element_type=\"column\">\n\t\t\t<div class=\"elementor-column-wrap elementor-element-populated\">\n\t\t\t\t\t\t\t<div class=\"elementor-widget-wrap\">\n\t\t\t\t\t\t<div class=\"elementor-element elementor-element-d80e1f8 elementor-widget elementor-widget-text-editor\" data-id=\"d80e1f8\" data-element_type=\"widget\" data-widget_type=\"text-editor.default\">\n\t\t\t\t<div class=\"elementor-widget-container\">\n\t\t\t\t\t\t\t\t<div class=\"elementor-text-editor elementor-clearfix\">\n\t\t\t\t<!--[if lt IE 9]><script>document.createElement('audio');<\/script><![endif]-->\n<audio class=\"wp-audio-shortcode\" id=\"audio-1146-1\" preload=\"none\" style=\"width: 100%;\" controls=\"controls\"><source type=\"audio\/mpeg\" src=\"http:\/\/lapandemiaencubierta.practicasdeperiodismo.com\/wp-content\/uploads\/2021\/02\/Podcasr-Raquel-Lucena.mp3?_=1\" \/><a href=\"http:\/\/lapandemiaencubierta.practicasdeperiodismo.com\/wp-content\/uploads\/2021\/02\/Podcasr-Raquel-Lucena.mp3\">http:\/\/lapandemiaencubierta.practicasdeperiodismo.com\/wp-content\/uploads\/2021\/02\/Podcasr-Raquel-Lucena.mp3<\/a><\/audio><figure id=\"attachment_1086\" aria-describedby=\"caption-attachment-1086\" style=\"width: 245px\" class=\"wp-caption aligncenter\"><img loading=\"lazy\" class=\"wp-image-1086 size-medium\" style=\"color: #000000; font-family: 'Times New Roman', sans-serif; font-size: 20px; text-align: justify;\" src=\"http:\/\/lapandemiaencubierta.practicasdeperiodismo.com\/wp-content\/uploads\/2021\/02\/Captura-de-pantalla-2021-02-09-a-las-8.08.45-245x300.png\" alt=\"\" width=\"245\" height=\"300\" srcset=\"http:\/\/lapandemiaencubierta.practicasdeperiodismo.com\/wp-content\/uploads\/2021\/02\/Captura-de-pantalla-2021-02-09-a-las-8.08.45-245x300.png 245w, http:\/\/lapandemiaencubierta.practicasdeperiodismo.com\/wp-content\/uploads\/2021\/02\/Captura-de-pantalla-2021-02-09-a-las-8.08.45.png 391w\" sizes=\"(max-width: 245px) 100vw, 245px\" \/><figcaption id=\"caption-attachment-1086\" class=\"wp-caption-text\"><span style=\"color: #000000; font-family: 'Times New Roman', sans-serif; font-size: 20px; text-align: justify;\">\u00a0Raquel Lucena Garc\u00eda, Experta en Nutrici\u00f3n, Entrenamiento y Nutrici\u00f3n Deportiva<\/span><\/figcaption><\/figure><p style=\"color: #000000; font-family: 'Times New Roman', sans-serif; font-size: 20px; text-align: justify;\">Raquel Lucena Garc\u00eda es licenciada en Ciencias Qu\u00edmicas y posee un M\u00e1ster en Nutrici\u00f3n y un M\u00e1ster en Entrenamiento y Nutrici\u00f3n Deportiva. Actualmente se dedica profesionalmente a la nutrici\u00f3n saludable y deportiva y compite a nivel nacional en Roller Dervy. Para m\u00e1s informaci\u00f3n, visiten su p\u00e1gina web profesional:\u00a0<a style=\"background-color: #ffffff;\" href=\"https:\/\/www.rlucenanutricion.com\/\" target=\"_blank\" rel=\"noopener\">https:\/\/www.rlucenanutricion.com<\/a><\/p>\t\t\t\t\t<\/div>\n\t\t\t\t\t\t<\/div>\n\t\t\t\t<\/div>\n\t\t\t\t\t\t<\/div>\n\t\t\t\t\t<\/div>\n\t\t<\/div>\n\t\t\t\t\t\t\t\t<\/div>\n\t\t\t\t\t<\/div>\n\t\t<\/section>\n\t\t\t\t\t\t\t\t\t<\/div>\n\t\t\t<\/div>\n\t\t\t\t\t<\/div>\n\t\t","protected":false},"excerpt":{"rendered":"<p>\u00bfQu\u00e9 es la obesidad? Incidencia en otras enfermedades Intereses econ\u00f3micos Una industria avalada cient\u00edficamente El futuro de la obesidad Enlaces relacionados Entrevista a Raquel Lucena Garc\u00eda Raquel Lucena Garc\u00eda es licenciada en Ciencias Qu\u00edmicas y posee un M\u00e1ster en Nutrici\u00f3n y un M\u00e1ster en Entrenamiento y Nutrici\u00f3n Deportiva. Actualmente se dedica profesionalmente a la nutrici\u00f3n [&hellip;]<\/p>\n","protected":false},"author":1,"featured_media":0,"comment_status":"open","ping_status":"open","sticky":false,"template":"elementor_canvas","format":"standard","meta":[],"categories":[1],"tags":[],"_links":{"self":[{"href":"http:\/\/lapandemiaencubierta.practicasdeperiodismo.com\/index.php\/wp-json\/wp\/v2\/posts\/1146"}],"collection":[{"href":"http:\/\/lapandemiaencubierta.practicasdeperiodismo.com\/index.php\/wp-json\/wp\/v2\/posts"}],"about":[{"href":"http:\/\/lapandemiaencubierta.practicasdeperiodismo.com\/index.php\/wp-json\/wp\/v2\/types\/post"}],"author":[{"embeddable":true,"href":"http:\/\/lapandemiaencubierta.practicasdeperiodismo.com\/index.php\/wp-json\/wp\/v2\/users\/1"}],"replies":[{"embeddable":true,"href":"http:\/\/lapandemiaencubierta.practicasdeperiodismo.com\/index.php\/wp-json\/wp\/v2\/comments?post=1146"}],"version-history":[{"count":22,"href":"http:\/\/lapandemiaencubierta.practicasdeperiodismo.com\/index.php\/wp-json\/wp\/v2\/posts\/1146\/revisions"}],"predecessor-version":[{"id":1197,"href":"http:\/\/lapandemiaencubierta.practicasdeperiodismo.com\/index.php\/wp-json\/wp\/v2\/posts\/1146\/revisions\/1197"}],"wp:attachment":[{"href":"http:\/\/lapandemiaencubierta.practicasdeperiodismo.com\/index.php\/wp-json\/wp\/v2\/media?parent=1146"}],"wp:term":[{"taxonomy":"category","embeddable":true,"href":"http:\/\/lapandemiaencubierta.practicasdeperiodismo.com\/index.php\/wp-json\/wp\/v2\/categories?post=1146"},{"taxonomy":"post_tag","embeddable":true,"href":"http:\/\/lapandemiaencubierta.practicasdeperiodismo.com\/index.php\/wp-json\/wp\/v2\/tags?post=1146"}],"curies":[{"name":"wp","href":"https:\/\/api.w.org\/{rel}","templated":true}]}}