{"id":287,"date":"2020-11-24T20:15:33","date_gmt":"2020-11-24T20:15:33","guid":{"rendered":"http:\/\/lapandemiaencubierta.practicasdeperiodismo.com\/?p=287"},"modified":"2021-04-22T15:51:57","modified_gmt":"2021-04-22T15:51:57","slug":"incidencia-en-otras-enfermedades","status":"publish","type":"post","link":"http:\/\/lapandemiaencubierta.practicasdeperiodismo.com\/index.php\/2020\/11\/24\/incidencia-en-otras-enfermedades\/","title":{"rendered":"Incidencia en otras enfermedades"},"content":{"rendered":"\t\t<div data-elementor-type=\"wp-post\" data-elementor-id=\"287\" class=\"elementor elementor-287\">\n\t\t\t\t\t\t<div class=\"elementor-inner\">\n\t\t\t\t<div class=\"elementor-section-wrap\">\n\t\t\t\t\t\t\t\t\t<section class=\"elementor-section elementor-top-section elementor-element elementor-element-f2c6018 elementor-section-full_width elementor-section-stretched elementor-section-height-default elementor-section-height-default\" data-id=\"f2c6018\" data-element_type=\"section\" data-settings=\"{&quot;stretch_section&quot;:&quot;section-stretched&quot;,&quot;background_background&quot;:&quot;classic&quot;}\">\n\t\t\t\t\t\t<div class=\"elementor-container elementor-column-gap-default\">\n\t\t\t\t\t\t\t<div class=\"elementor-row\">\n\t\t\t\t\t<div class=\"elementor-column elementor-col-100 elementor-top-column elementor-element elementor-element-22a87ad\" data-id=\"22a87ad\" data-element_type=\"column\" data-settings=\"{&quot;background_background&quot;:&quot;classic&quot;}\">\n\t\t\t<div class=\"elementor-column-wrap elementor-element-populated\">\n\t\t\t\t\t\t\t<div class=\"elementor-widget-wrap\">\n\t\t\t\t\t\t<div class=\"elementor-element elementor-element-874deaa elementor-widget elementor-widget-image\" data-id=\"874deaa\" data-element_type=\"widget\" data-widget_type=\"image.default\">\n\t\t\t\t<div class=\"elementor-widget-container\">\n\t\t\t\t\t\t\t\t<div class=\"elementor-image\">\n\t\t\t\t\t\t\t\t\t\t\t\t\t<a href=\"http:\/\/lapandemiaencubierta.practicasdeperiodismo.com\/\">\n\t\t\t\t\t\t\t<img width=\"768\" height=\"536\" src=\"http:\/\/lapandemiaencubierta.practicasdeperiodismo.com\/wp-content\/uploads\/2020\/11\/IMG_0353-768x536.png\" class=\"attachment-medium_large size-medium_large wp-image-622\" alt=\"\" loading=\"lazy\" srcset=\"http:\/\/lapandemiaencubierta.practicasdeperiodismo.com\/wp-content\/uploads\/2020\/11\/IMG_0353-768x536.png 768w, http:\/\/lapandemiaencubierta.practicasdeperiodismo.com\/wp-content\/uploads\/2020\/11\/IMG_0353-300x210.png 300w, http:\/\/lapandemiaencubierta.practicasdeperiodismo.com\/wp-content\/uploads\/2020\/11\/IMG_0353-1024x715.png 1024w, http:\/\/lapandemiaencubierta.practicasdeperiodismo.com\/wp-content\/uploads\/2020\/11\/IMG_0353-1536x1073.png 1536w, http:\/\/lapandemiaencubierta.practicasdeperiodismo.com\/wp-content\/uploads\/2020\/11\/IMG_0353-2048x1431.png 2048w\" sizes=\"(max-width: 768px) 100vw, 768px\" \/>\t\t\t\t\t\t\t\t<\/a>\n\t\t\t\t\t\t\t\t\t\t\t\t\t\t<\/div>\n\t\t\t\t\t\t<\/div>\n\t\t\t\t<\/div>\n\t\t\t\t<div class=\"elementor-element elementor-element-a87fa02 elementor-icon-list--layout-inline elementor-align-center elementor-list-item-link-full_width elementor-invisible elementor-widget elementor-widget-icon-list\" data-id=\"a87fa02\" data-element_type=\"widget\" data-settings=\"{&quot;_animation&quot;:&quot;zoomIn&quot;}\" data-widget_type=\"icon-list.default\">\n\t\t\t\t<div class=\"elementor-widget-container\">\n\t\t\t\t\t<ul class=\"elementor-icon-list-items elementor-inline-items\">\n\t\t\t\t\t\t\t<li class=\"elementor-icon-list-item elementor-inline-item\">\n\t\t\t\t\t\t\t\t\t\t\t<a href=\"http:\/\/lapandemiaencubierta.practicasdeperiodismo.com\/index.php\/2020\/11\/24\/que-es-la-obesidad-2\/\">\n\n\t\t\t\t\t\t\t\t\t\t\t<span class=\"elementor-icon-list-text\">\u00bfQu\u00e9 es la obesidad?<\/span>\n\t\t\t\t\t\t\t\t\t\t\t<\/a>\n\t\t\t\t\t\t\t\t\t<\/li>\n\t\t\t\t\t\t\t\t<li class=\"elementor-icon-list-item elementor-inline-item\">\n\t\t\t\t\t\t\t\t\t\t\t<a href=\"http:\/\/lapandemiaencubierta.practicasdeperiodismo.com\/index.php\/2020\/11\/24\/incidencia-en-otras-enfermedades\/\">\n\n\t\t\t\t\t\t\t\t\t\t\t<span class=\"elementor-icon-list-text\">Incidencia en otras enfermedades<\/span>\n\t\t\t\t\t\t\t\t\t\t\t<\/a>\n\t\t\t\t\t\t\t\t\t<\/li>\n\t\t\t\t\t\t\t\t<li class=\"elementor-icon-list-item elementor-inline-item\">\n\t\t\t\t\t\t\t\t\t\t\t<a href=\"http:\/\/lapandemiaencubierta.practicasdeperiodismo.com\/index.php\/2020\/11\/25\/intereses-economicos\/\">\n\n\t\t\t\t\t\t\t\t\t\t\t<span class=\"elementor-icon-list-text\">Intereses econ\u00f3micos<\/span>\n\t\t\t\t\t\t\t\t\t\t\t<\/a>\n\t\t\t\t\t\t\t\t\t<\/li>\n\t\t\t\t\t\t\t\t<li class=\"elementor-icon-list-item elementor-inline-item\">\n\t\t\t\t\t\t\t\t\t\t\t<a href=\"http:\/\/lapandemiaencubierta.practicasdeperiodismo.com\/index.php\/2020\/11\/25\/una-industria-avalada-cientificamente\/\">\n\n\t\t\t\t\t\t\t\t\t\t\t<span class=\"elementor-icon-list-text\">Una industria avalada cient\u00edficamente<\/span>\n\t\t\t\t\t\t\t\t\t\t\t<\/a>\n\t\t\t\t\t\t\t\t\t<\/li>\n\t\t\t\t\t\t\t\t<li class=\"elementor-icon-list-item elementor-inline-item\">\n\t\t\t\t\t\t\t\t\t\t\t<a href=\"http:\/\/lapandemiaencubierta.practicasdeperiodismo.com\/index.php\/2020\/11\/25\/el-futuro-de-la-obesidad\/\">\n\n\t\t\t\t\t\t\t\t\t\t\t<span class=\"elementor-icon-list-text\">El futuro de la obesidad<\/span>\n\t\t\t\t\t\t\t\t\t\t\t<\/a>\n\t\t\t\t\t\t\t\t\t<\/li>\n\t\t\t\t\t\t\t\t<li class=\"elementor-icon-list-item elementor-inline-item\">\n\t\t\t\t\t\t\t\t\t\t\t<a href=\"http:\/\/lapandemiaencubierta.practicasdeperiodismo.com\/index.php\/2021\/01\/28\/referencias\/\">\n\n\t\t\t\t\t\t\t\t\t\t\t<span class=\"elementor-icon-list-text\">Enlaces relacionados<\/span>\n\t\t\t\t\t\t\t\t\t\t\t<\/a>\n\t\t\t\t\t\t\t\t\t<\/li>\n\t\t\t\t\t\t<\/ul>\n\t\t\t\t<\/div>\n\t\t\t\t<\/div>\n\t\t\t\t\t\t<\/div>\n\t\t\t\t\t<\/div>\n\t\t<\/div>\n\t\t\t\t\t\t\t\t<\/div>\n\t\t\t\t\t<\/div>\n\t\t<\/section>\n\t\t\t\t<section class=\"elementor-section elementor-top-section elementor-element elementor-element-cac23de elementor-section-full_width elementor-section-stretched elementor-section-height-default elementor-section-height-default\" data-id=\"cac23de\" data-element_type=\"section\" data-settings=\"{&quot;stretch_section&quot;:&quot;section-stretched&quot;,&quot;background_background&quot;:&quot;classic&quot;}\">\n\t\t\t\t\t\t<div class=\"elementor-container elementor-column-gap-default\">\n\t\t\t\t\t\t\t<div class=\"elementor-row\">\n\t\t\t\t\t<div class=\"elementor-column elementor-col-100 elementor-top-column elementor-element elementor-element-8b928f9\" data-id=\"8b928f9\" data-element_type=\"column\" data-settings=\"{&quot;background_background&quot;:&quot;classic&quot;}\">\n\t\t\t<div class=\"elementor-column-wrap elementor-element-populated\">\n\t\t\t\t\t\t\t<div class=\"elementor-widget-wrap\">\n\t\t\t\t\t\t<div class=\"elementor-element elementor-element-1d01b4b elementor-widget elementor-widget-heading\" data-id=\"1d01b4b\" data-element_type=\"widget\" data-widget_type=\"heading.default\">\n\t\t\t\t<div class=\"elementor-widget-container\">\n\t\t\t<h1 class=\"elementor-heading-title elementor-size-default\">Incidencia en otras enfermedades<\/h1>\t\t<\/div>\n\t\t\t\t<\/div>\n\t\t\t\t\t\t<\/div>\n\t\t\t\t\t<\/div>\n\t\t<\/div>\n\t\t\t\t\t\t\t\t<\/div>\n\t\t\t\t\t<\/div>\n\t\t<\/section>\n\t\t\t\t<section class=\"elementor-section elementor-top-section elementor-element elementor-element-e74be94 elementor-section-full_width elementor-section-stretched elementor-section-height-default elementor-section-height-default\" data-id=\"e74be94\" data-element_type=\"section\" data-settings=\"{&quot;stretch_section&quot;:&quot;section-stretched&quot;,&quot;background_background&quot;:&quot;classic&quot;}\">\n\t\t\t\t\t\t<div class=\"elementor-container elementor-column-gap-default\">\n\t\t\t\t\t\t\t<div class=\"elementor-row\">\n\t\t\t\t\t<div class=\"elementor-column elementor-col-100 elementor-top-column elementor-element elementor-element-ec98480\" data-id=\"ec98480\" data-element_type=\"column\" data-settings=\"{&quot;background_background&quot;:&quot;classic&quot;}\">\n\t\t\t<div class=\"elementor-column-wrap elementor-element-populated\">\n\t\t\t\t\t\t\t<div class=\"elementor-widget-wrap\">\n\t\t\t\t\t\t<div class=\"elementor-element elementor-element-c37f819 elementor-drop-cap-yes elementor-drop-cap-view-default elementor-widget elementor-widget-text-editor\" data-id=\"c37f819\" data-element_type=\"widget\" data-settings=\"{&quot;drop_cap&quot;:&quot;yes&quot;}\" data-widget_type=\"text-editor.default\">\n\t\t\t\t<div class=\"elementor-widget-container\">\n\t\t\t\t\t\t\t\t<div class=\"elementor-text-editor elementor-clearfix\">\n\t\t\t\t<p>La obesidad est\u00e1 directamente relacionada con diversas complicaciones m\u00e9dicas; desde el deterioro de las condiciones corporales (como la artrosis) hasta la amenaza de enfermedades cr\u00f3nicas (como la diabetes tipo 2, varios tipos de c\u00e1ncer o enfermedades cardiovasculares).<\/p><p>En la actualidad, <a href=\"https:\/\/www.who.int\/es\/news-room\/fact-sheets\/detail\/noncommunicable-diseases#:~:text=Los%20principales%20tipos%20de%20ENT,el%20asma)%20y%20la%20diabetes.\" target=\"_blank\" rel=\"noopener\">\u201c<strong>las enfermedades no transmisibles (ENT), matan a 41 millones de personas cada a\u00f1o<\/strong><\/a>, el equivalente al 71% de las muertes que se producen cada d\u00eda en el mundo\u201d (OMS, 2018). Las enfermedades cr\u00f3nicas o no transmisibles suelen persistir durante un largo periodo tiempo y son el resultado de una combinaci\u00f3n de factores de tipo gen\u00e9tico, fisiol\u00f3gico, ambiental y de comportamiento. Entre ellas se encuentran las<strong> enfermedades cardiovasculares, el c\u00e1ncer, enfermedades respiratorias o la diabetes<\/strong>, capaces de acabar prematuramente con la vida de millones de personas. Casualmente, la mayor\u00eda de las ENT mencionadas son potenciadas de manera principal por otra enfermedad o trastorno previo como es el caso de la obesidad, que a diferencia de un virus como el de la gripe, no nos deja enfermos \u00fanicamente durante un corto periodo de tiempo, sino que ataca a nuestro sistema inmune lenta y silenciosamente.<\/p><p>Es f\u00e1cil y frecuente escuchar que alguna persona ha fallecido por c\u00e1ncer, diabetes, por alguna enfermedad mental o cardiovascular. Esa ser\u00eda sin duda la causa directa de su muerte, pero \u00bfes posible que existiese una causa indirecta, es decir, una causa de la causa que al final acabase siendo la verdadera responsable del fallecimiento? Es posible, claro que s\u00ed. <strong>Y tambi\u00e9n es posible, y mucho, que esa causa de la causa sea el tema que nos ata\u00f1e: la obesidad.<\/strong><\/p><p>Para entender el origen de la obesidad y de otras ENT relacionadas directamente con esta, Carlos R\u00edos plantea la existencia de tres frases, que se pueden personificar en millones de personas; entre ellas Javier Fern\u00e1ndez Mart\u00ednez.\u00a0\u00a0<\/p>\t\t\t\t\t<\/div>\n\t\t\t\t\t\t<\/div>\n\t\t\t\t<\/div>\n\t\t\t\t\t\t<\/div>\n\t\t\t\t\t<\/div>\n\t\t<\/div>\n\t\t\t\t\t\t\t\t<\/div>\n\t\t\t\t\t<\/div>\n\t\t<\/section>\n\t\t\t\t<section class=\"elementor-section elementor-top-section elementor-element elementor-element-be2ec33 elementor-section-full_width elementor-section-stretched elementor-section-height-default elementor-section-height-default\" data-id=\"be2ec33\" data-element_type=\"section\" data-settings=\"{&quot;stretch_section&quot;:&quot;section-stretched&quot;,&quot;background_background&quot;:&quot;classic&quot;}\">\n\t\t\t\t\t\t<div class=\"elementor-container elementor-column-gap-default\">\n\t\t\t\t\t\t\t<div class=\"elementor-row\">\n\t\t\t\t\t<div class=\"elementor-column elementor-col-100 elementor-top-column elementor-element elementor-element-d1d0d72\" data-id=\"d1d0d72\" data-element_type=\"column\" data-settings=\"{&quot;background_background&quot;:&quot;classic&quot;}\">\n\t\t\t<div class=\"elementor-column-wrap elementor-element-populated\">\n\t\t\t\t\t\t\t<div class=\"elementor-widget-wrap\">\n\t\t\t\t\t\t<div class=\"elementor-element elementor-element-81d5d9d elementor-widget elementor-widget-html\" data-id=\"81d5d9d\" data-element_type=\"widget\" data-widget_type=\"html.default\">\n\t\t\t\t<div class=\"elementor-widget-container\">\n\t\t\t<iframe src='https:\/\/cdn.knightlab.com\/libs\/timeline3\/latest\/embed\/index.html?source=1av3dPaat5AzESvllXBL8ocTeYGfkCWLy5r3ozMLofNY&font=Default&lang=en&initial_zoom=2&height=650' width='100%' height='650' webkitallowfullscreen mozallowfullscreen allowfullscreen frameborder='0'><\/iframe>\n\t\t<\/div>\n\t\t\t\t<\/div>\n\t\t\t\t\t\t<\/div>\n\t\t\t\t\t<\/div>\n\t\t<\/div>\n\t\t\t\t\t\t\t\t<\/div>\n\t\t\t\t\t<\/div>\n\t\t<\/section>\n\t\t\t\t<section class=\"elementor-section elementor-top-section elementor-element elementor-element-d05b688 elementor-section-full_width elementor-section-stretched elementor-section-height-default elementor-section-height-default\" data-id=\"d05b688\" data-element_type=\"section\" data-settings=\"{&quot;stretch_section&quot;:&quot;section-stretched&quot;,&quot;background_background&quot;:&quot;classic&quot;}\">\n\t\t\t\t\t\t<div class=\"elementor-container elementor-column-gap-default\">\n\t\t\t\t\t\t\t<div class=\"elementor-row\">\n\t\t\t\t\t<div class=\"elementor-column elementor-col-100 elementor-top-column elementor-element elementor-element-a9385f6\" data-id=\"a9385f6\" data-element_type=\"column\" data-settings=\"{&quot;background_background&quot;:&quot;classic&quot;}\">\n\t\t\t<div class=\"elementor-column-wrap elementor-element-populated\">\n\t\t\t\t\t\t\t<div class=\"elementor-widget-wrap\">\n\t\t\t\t\t\t<div class=\"elementor-element elementor-element-09fbf4e elementor-widget elementor-widget-text-editor\" data-id=\"09fbf4e\" data-element_type=\"widget\" data-widget_type=\"text-editor.default\">\n\t\t\t\t<div class=\"elementor-widget-container\">\n\t\t\t\t\t\t\t\t<div class=\"elementor-text-editor elementor-clearfix\">\n\t\t\t\t<p style=\"text-align: center;\">Eje cronol\u00f3gico interactivo de elaboraci\u00f3n propia\u00a0<\/p><p>Javier sufri\u00f3 obesidad desde muy peque\u00f1o. Tras una ni\u00f1ez abarrotada de productos ultraprocesados en la que apenas observaba cambios en su cuerpo ni problemas de salud, los resultados anal\u00edticos preocupantes comenzaron a llegar. Fue en 2010 cuando sus valores eran similares, por lo que le dijeron los m\u00e9dicos, a los de una persona adulta que hab\u00eda tenido obesidad toda su vida, cuando \u00e9l tan solo ten\u00eda 16 a\u00f1os. A ra\u00edz de esos resultados intent\u00f3 cambiar sus h\u00e1bitos de vida con ayuda de profesionales, pero fracas\u00f3 en numerosas ocasiones. Irremediablemente lleg\u00f3 la noticia que nunca habr\u00eda querido o\u00edr, ten\u00eda Diabetes Tipo 2 y su esperanza y calidad de vida comenzaban a tambalearse. Tras esa consulta m\u00e9dica en diciembre de 2014, Javier no dud\u00f3 en poner fin a la situaci\u00f3n. 2015 ser\u00eda el a\u00f1o del cambio y de la esperanza hacia un futuro mejor. Hoy d\u00eda puede decir orgulloso que ha superado esta terrible ENT.<\/p><h4>\u00a0<\/h4><h4><strong>Diabetes Tipo 2<\/strong><\/h4><p>La enfermedad de Diabetes Tipo 2 es un tipo de diabetes en la que el cuerpo no es capaz de producir o usar correctamente la insulina, que da lugar a un nivel elevado de glucosa en sangre capaz de desencadenar problemas en el coraz\u00f3n, en los ojos, en los ri\u00f1ones, en los nervios, en las enc\u00edas o en los dientes. Existe una correlaci\u00f3n muy elevada entre ambas enfermedades, tanto es as\u00ed que seg\u00fan Anna Novials, expresidenta de la Sociedad Espa\u00f1ola de Diabetes, <strong>nueve de cada diez personas con diabetes tipo 2 presentan sobrepeso u obesidad.<\/strong><\/p><p>\u201cEn personas con sobrepeso u obesidad, el consumo de alimentos ricos en carbohidratos genera una sobrecarga de trabajo para el p\u00e1ncreas, lo que produce su debilitamiento y, en \u00faltima instancia, una escasez de insulina. Esto deriva en hiperglucemia cr\u00f3nica y, por lo tanto, en el desarrollo de la diabetes tipo 2. Y precisamente la diabetes representa un mayor riesgo de desencadenar enfermedades cardiovasculares\u201d explic\u00f3 la expresidenta en el <a href=\"https:\/\/canaldiabetes.com\/diabetes-tipo-2-obesidad\/\" target=\"_blank\" rel=\"noopener\">s\u00e9ptimo congreso de Diabesidad.<\/a><\/p><p><strong><a href=\"https:\/\/www.fundaciondiabetes.org\/general\/noticia\/14965\/diabesidad-1\" target=\"_blank\" rel=\"noopener\">La Diabesidad<\/a> es la suma de Diabetes y Obesidad.<\/strong> Seg\u00fan los expertos del \u00faltimo Congreso Virtual en Espa\u00f1a, <strong>hasta un 12% de la poblaci\u00f3n total podr\u00eda ser obesa y diab\u00e9tica tipo 2<\/strong>. Esta combinaci\u00f3n es capaz de provocar otras enfermedades con un riesgo hasta tres veces mayor que en una persona que no la padezca. Se ha demostrado que los pacientes con diabetes tipo 2 tienen una mayor exposici\u00f3n a padecer c\u00e1ncer debido a la mayor resistencia a la insulina que presentan estos pacientes (Qi et al., 2019).<\/p><p>Cada ocho segundos muere una persona por diabetes en el mundo y en su mayor\u00eda de casos estas se pueden evitar llevando a cabo unos h\u00e1bitos de vida saludable donde destaca por encima de todo una buena alimentaci\u00f3n. Esta medida no solo permitir\u00e1 evitar la enfermedad, sino tambi\u00e9n tratar o, en el peor de los casos, retrasar sus fatales consecuencias. Hay suficientes estudios cient\u00edficos que demuestran c\u00f3mo una vida lejos de productos insanos y ultraprocesados previenen la aparici\u00f3n de esta enfermedad, pero no es la Diabetes el \u00fanico da\u00f1o que puede provocar una alimentaci\u00f3n insana.<\/p><h4>\u00a0<\/h4><h4><strong>C\u00e1ncer<\/strong><\/h4><p>En los \u00faltimos a\u00f1os las tasas de mortalidad por c\u00e1ncer no han dejado de aumentar y su evoluci\u00f3n indica tambi\u00e9n una tendencia creciente en el futuro (Sociedad Espa\u00f1ola de Oncolog\u00eda M\u00e9dica, 2020). La enfermedad percibida como aleatoria y asociada a factores \u00fanicamente gen\u00e9ticos e incontrolables acaba con la vida de un 30-35% de las personas que la padecen debido una mala alimentaci\u00f3n (World Cancer Research Fund y Anand et al., 2008). <strong>De las 9,6 millones de muertes causadas por el c\u00e1ncer en 2018 a nivel mundial se podr\u00edan haber evitado 3,36 millones cuidando la alimentaci\u00f3n<\/strong>. Y m\u00e1s impactante a\u00fan, de los 16,4 millones de muertes asociadas al c\u00e1ncer que prev\u00e9 la Sociedad Espa\u00f1ola de Oncolog\u00eda M\u00e9dica que habr\u00e1 en el mundo en el a\u00f1o 2040, se podr\u00edan evitar 5,74 millones aproximadamente si tomamos la decisi\u00f3n de cambiar nuestra alimentaci\u00f3n hacia un modelo m\u00e1s saludable. <a href=\"https:\/\/www.mscbs.gob.es\/ciudadanos\/enfLesiones\/enfNoTransmisibles\/docs\/Codigo_Cancer.pdf\" target=\"_blank\" rel=\"noopener\">Por ello el C\u00f3digo Europeo contra el c\u00e1ncer quiso recalcar en 2014 la importancia de mantener una vida saludable.<\/a><\/p><p>El consumo de alimentos poco saludables, ricos en calor\u00edas, az\u00facares, harinas refinadas y aceites vegetales puede cambiar nuestra vida. Esta alimentaci\u00f3n aumenta notablemente el riesgo de sufrir obesidad y sobrepeso, que a su vez promueve el desarrollo de diversos tipos de c\u00e1nceres como el c\u00e1ncer de est\u00f3mago, h\u00edgado, seno, ovario, tiroides, pr\u00f3stata, ri\u00f1\u00f3n, p\u00e1ncreas, es\u00f3fago y colon entre otros (National Cancer Institute, 2017).\u00a0<\/p>\t\t\t\t\t<\/div>\n\t\t\t\t\t\t<\/div>\n\t\t\t\t<\/div>\n\t\t\t\t\t\t<\/div>\n\t\t\t\t\t<\/div>\n\t\t<\/div>\n\t\t\t\t\t\t\t\t<\/div>\n\t\t\t\t\t<\/div>\n\t\t<\/section>\n\t\t\t\t<section class=\"elementor-section elementor-top-section elementor-element elementor-element-543fd0b elementor-section-full_width elementor-section-stretched elementor-section-height-default elementor-section-height-default\" data-id=\"543fd0b\" data-element_type=\"section\" data-settings=\"{&quot;stretch_section&quot;:&quot;section-stretched&quot;,&quot;background_background&quot;:&quot;classic&quot;}\">\n\t\t\t\t\t\t<div class=\"elementor-container elementor-column-gap-default\">\n\t\t\t\t\t\t\t<div class=\"elementor-row\">\n\t\t\t\t\t<div class=\"elementor-column elementor-col-100 elementor-top-column elementor-element elementor-element-4cdc17b\" data-id=\"4cdc17b\" data-element_type=\"column\" data-settings=\"{&quot;background_background&quot;:&quot;classic&quot;}\">\n\t\t\t<div class=\"elementor-column-wrap elementor-element-populated\">\n\t\t\t\t\t\t\t<div class=\"elementor-widget-wrap\">\n\t\t\t\t\t\t<div class=\"elementor-element elementor-element-c9770fa elementor-widget elementor-widget-image\" data-id=\"c9770fa\" data-element_type=\"widget\" data-widget_type=\"image.default\">\n\t\t\t\t<div class=\"elementor-widget-container\">\n\t\t\t\t\t\t\t\t<div class=\"elementor-image\">\n\t\t\t\t\t\t\t\t\t\t\t\t<img src=\"http:\/\/lapandemiaencubierta.practicasdeperiodismo.com\/wp-content\/uploads\/elementor\/thumbs\/iNFO-scaled-ozddrcqd4n3qgw1qd4rcbj7vv40t98os6xb55f9kxm.jpg\" title=\"iNFO\" alt=\"iNFO\" loading=\"lazy\" \/>\t\t\t\t\t\t\t\t\t\t\t\t\t\t<\/div>\n\t\t\t\t\t\t<\/div>\n\t\t\t\t<\/div>\n\t\t\t\t\t\t<\/div>\n\t\t\t\t\t<\/div>\n\t\t<\/div>\n\t\t\t\t\t\t\t\t<\/div>\n\t\t\t\t\t<\/div>\n\t\t<\/section>\n\t\t\t\t<section class=\"elementor-section elementor-top-section elementor-element elementor-element-15acf7c elementor-section-full_width elementor-section-stretched elementor-section-height-default elementor-section-height-default\" data-id=\"15acf7c\" data-element_type=\"section\" data-settings=\"{&quot;stretch_section&quot;:&quot;section-stretched&quot;,&quot;background_background&quot;:&quot;classic&quot;}\">\n\t\t\t\t\t\t<div class=\"elementor-container elementor-column-gap-default\">\n\t\t\t\t\t\t\t<div class=\"elementor-row\">\n\t\t\t\t\t<div class=\"elementor-column elementor-col-100 elementor-top-column elementor-element elementor-element-4f13799\" data-id=\"4f13799\" data-element_type=\"column\" data-settings=\"{&quot;background_background&quot;:&quot;classic&quot;}\">\n\t\t\t<div class=\"elementor-column-wrap elementor-element-populated\">\n\t\t\t\t\t\t\t<div class=\"elementor-widget-wrap\">\n\t\t\t\t\t\t<div class=\"elementor-element elementor-element-eda4496 elementor-widget elementor-widget-text-editor\" data-id=\"eda4496\" data-element_type=\"widget\" data-widget_type=\"text-editor.default\">\n\t\t\t\t<div class=\"elementor-widget-container\">\n\t\t\t\t\t\t\t\t<div class=\"elementor-text-editor elementor-clearfix\">\n\t\t\t\t<p><strong>El c\u00e1ncer de mama posmenop\u00e1usico, de endometrio y de colon son en rasgos generales los m\u00e1s afectados por la obesidad<\/strong>; representan aproximadamente el 60% de los c\u00e1nceres atribuibles a un IMC alto (Arnold et al., 2015, p.36-45). El Instituto Nacional del C\u00e1ncer calcula que \u201clas mujeres posmenop\u00e1usicas obesas presentan de 20 a 40 % de aumento en el riesgo de presentar c\u00e1ncer de seno en comparaci\u00f3n con mujeres de peso normal\u201d. \u201cLas personas que son obesas tienen aproximadamente un 30 % m\u00e1s de probabilidad de presentar c\u00e1ncer colorrectal o de colon que las personas de peso normal y un riesgo 2 a 7 veces mayor, en el caso m\u00e1s extremo, de presentar c\u00e1ncer de endometrio\u201d (National Cancer Institute, 2017).<\/p><p>De acuerdo a los datos ofrecidos por el estudio <a href=\"http:\/\/www.healthdata.org\/sites\/default\/files\/files\/policy_report\/2019\/GBD_2017_Booklet.pdf\" target=\"_blank\" rel=\"noopener\">\u201cGlobal Burden of Disease Study 2017\u201d<\/a> de la prestigiosa revista <em>The Lancet<\/em> <strong>una dieta poco saludable es la causa que m\u00e1s problemas provoca en nuestra salud.<\/strong>\u00a0 Los factores diet\u00e9ticos fueron los responsables de 11 millones de muertes en 2017 (GBD 2017 Diet Collaborators, 2019).<\/p><h4>\u00a0<\/h4><h4><strong>Enfermedades cardiovasculares<\/strong><\/h4><p>Otro de los temores de las personas obesas es padecer una <strong>enfermedad cardiovascular, la causa mayor de muerte en personas con obesidad.<\/strong> Y es que, no solo la obesidad se presenta como un factor de riesgo para las enfermedades del coraz\u00f3n y los vasos sangu\u00edneos, sino que tambi\u00e9n otras complicaciones como la hipertensi\u00f3n o la resistencia a la insulina, provocadas por la obesidad, suponen una amenaza para la aparici\u00f3n de este tipo de enfermedades.<\/p><p>En general, las personas con obesidad presentan una mayor frecuencia cardiaca y una disminuci\u00f3n de la variabilidad de esta, factores que aumentan el riesgo de muerte s\u00fabita. Es por ello por lo que <strong>la tasa anual de muerte s\u00fabita cardiaca fue un 40% mayor en personas obesas que en no obesas <\/strong>(Fern\u00e1ndez-Travieso, 2015, p.1-11).<\/p><h4>\u00a0<\/h4><h4><strong>Enfermedades mentales<\/strong><\/h4><p><strong>Los trastornos mentales <\/strong>tambi\u00e9n est\u00e1n asociados en numerosos casos con la obesidad. Aunque a\u00fan se encuentra en estudio, el consumo de las harinas refinadas que abundan en la actualidad en la mayor\u00eda de los productos ultraprocesados podr\u00eda estar relacionado con este tipo de enfermedades y con trastornos del sistema nervioso. Adem\u00e1s, otro de los principales trastornos mentales, la depresi\u00f3n, es una de las enfermedades m\u00e1s estimuladas por la obesidad, donde no solo un bajo estado de \u00e1nimo provocado por no encontrarse a gusto con el cuerpo de uno mismo es motivo de depresi\u00f3n. Tambi\u00e9n el consumo de ciertos alimentos ultraprocesados y ricos en omega 6 se ha asociado a mayores s\u00edntomas depresivos (Kiecolt-Glaser, Belury, Porter, Beversdorf, Lemeshow, y Glaser, 2007).<sup>\u00a0\u201c<\/sup>La depresi\u00f3n es causa de morbilidad y discapacidad entre los j\u00f3venes y en muchas ocasiones deriva en el suicidio, tercera causa de defunci\u00f3n en los j\u00f3venes entre 15 y 19 a\u00f1os\u201d (OMS, 2018, <em>Adolescentes: riesgos para la salud y soluciones<\/em>).<sup>\u00a0<\/sup>Y aunque se trata de una enfermedad multifactorial imposible de asociar \u00fanicamente a una causa, no deja de ser un aspecto m\u00e1s a tener en cuenta tras la evidencia en numerosos estudios cient\u00edficos.<\/p><h4>\u00a0<\/h4><h4><strong>Covid-19<\/strong><\/h4><p>Y, entre las enfermedades m\u00e1s recientes y novedosas que tambi\u00e9n se han visto afectadas por la obesidad se encuentra la Covid-19. <a href=\"https:\/\/www.immedicohospitalario.es\/noticia\/20747\/coronavirus-la-obesidad-aumenta-el-riesgo-de-contagio-y-empeora-el-pr.html\" target=\"_blank\" rel=\"noopener\"><strong>Las personas que padecen obesidad son particularmente susceptibles al nuevo coronavirus<\/strong><\/a> y parecen tener una mayor tasa de complicaciones graves por el virus. Un estudio realizado en Par\u00eds con una muestra de 5795 pacientes con SARS-CoV-2 de entre 18 y 79 a\u00f1os concluy\u00f3 que la obesidad duplicaba la mortalidad de las personas ingresadas por Covid-19 (Czernichow et al., 2020).<\/p>\t\t\t\t\t<\/div>\n\t\t\t\t\t\t<\/div>\n\t\t\t\t<\/div>\n\t\t\t\t\t\t<\/div>\n\t\t\t\t\t<\/div>\n\t\t<\/div>\n\t\t\t\t\t\t\t\t<\/div>\n\t\t\t\t\t<\/div>\n\t\t<\/section>\n\t\t\t\t\t\t\t\t\t<\/div>\n\t\t\t<\/div>\n\t\t\t\t\t<\/div>\n\t\t","protected":false},"excerpt":{"rendered":"<p>\u00bfQu\u00e9 es la obesidad? Incidencia en otras enfermedades Intereses econ\u00f3micos Una industria avalada cient\u00edficamente El futuro de la obesidad Enlaces relacionados Incidencia en otras enfermedades La obesidad est\u00e1 directamente relacionada con diversas complicaciones m\u00e9dicas; desde el deterioro de las condiciones corporales (como la artrosis) hasta la amenaza de enfermedades cr\u00f3nicas (como la diabetes tipo 2, [&hellip;]<\/p>\n","protected":false},"author":1,"featured_media":0,"comment_status":"open","ping_status":"open","sticky":false,"template":"elementor_canvas","format":"standard","meta":[],"categories":[1],"tags":[],"_links":{"self":[{"href":"http:\/\/lapandemiaencubierta.practicasdeperiodismo.com\/index.php\/wp-json\/wp\/v2\/posts\/287"}],"collection":[{"href":"http:\/\/lapandemiaencubierta.practicasdeperiodismo.com\/index.php\/wp-json\/wp\/v2\/posts"}],"about":[{"href":"http:\/\/lapandemiaencubierta.practicasdeperiodismo.com\/index.php\/wp-json\/wp\/v2\/types\/post"}],"author":[{"embeddable":true,"href":"http:\/\/lapandemiaencubierta.practicasdeperiodismo.com\/index.php\/wp-json\/wp\/v2\/users\/1"}],"replies":[{"embeddable":true,"href":"http:\/\/lapandemiaencubierta.practicasdeperiodismo.com\/index.php\/wp-json\/wp\/v2\/comments?post=287"}],"version-history":[{"count":109,"href":"http:\/\/lapandemiaencubierta.practicasdeperiodismo.com\/index.php\/wp-json\/wp\/v2\/posts\/287\/revisions"}],"predecessor-version":[{"id":1134,"href":"http:\/\/lapandemiaencubierta.practicasdeperiodismo.com\/index.php\/wp-json\/wp\/v2\/posts\/287\/revisions\/1134"}],"wp:attachment":[{"href":"http:\/\/lapandemiaencubierta.practicasdeperiodismo.com\/index.php\/wp-json\/wp\/v2\/media?parent=287"}],"wp:term":[{"taxonomy":"category","embeddable":true,"href":"http:\/\/lapandemiaencubierta.practicasdeperiodismo.com\/index.php\/wp-json\/wp\/v2\/categories?post=287"},{"taxonomy":"post_tag","embeddable":true,"href":"http:\/\/lapandemiaencubierta.practicasdeperiodismo.com\/index.php\/wp-json\/wp\/v2\/tags?post=287"}],"curies":[{"name":"wp","href":"https:\/\/api.w.org\/{rel}","templated":true}]}}